
{"id":7422,"date":"2025-09-01T16:04:49","date_gmt":"2025-09-01T14:04:49","guid":{"rendered":"https:\/\/maclon.com\/?p=7422"},"modified":"2025-09-01T16:04:50","modified_gmt":"2025-09-01T14:04:50","slug":"maclon-al-fianco-di-corrado-pinzano-terzo-posto-al-rally-piancavallo-e-primato-nel-trofeo-italiano-rally","status":"publish","type":"post","link":"https:\/\/maclon.com\/index.php\/maclon-al-fianco-di-corrado-pinzano-terzo-posto-al-rally-piancavallo-e-primato-nel-trofeo-italiano-rally\/","title":{"rendered":"Maclon al fianco di Corrado Pinzano: terzo posto al Rally Piancavallo e primato nel Trofeo Italiano Rally"},"content":{"rendered":"\n<p>Un terzo posto che vale oro per <strong>Corrado Pinzano<\/strong>, che al <strong>38\u00b0 Rally Piancavallo<\/strong> ha conquistato un risultato importante sia in termini sportivi sia di classifica. Grazie al podio ottenuto nella seconda gara del Girone A del <strong>Trofeo Italiano Rally<\/strong>, il pilota biellese \u2013 affiancato da Mauro Turati sulla Skoda Fabia RS Rally2 della PA Racing \u2013 sale al comando della classifica generale, confermando il suo straordinario momento di forma.<\/p>\n\n\n\n<p>La gara, disputata tra venerd\u00ec e sabato a <strong>Maniago (PN)<\/strong>, \u00e8 stata segnata da condizioni meteorologiche variabili che hanno reso il tracciato particolarmente impegnativo. Pinzano ha lottato a lungo per la seconda posizione con il pluricampione <strong>Paolo Andreucci<\/strong>, chiudendo a soli 2,2 secondi dal rivale e dimostrando ancora una volta grande talento, lucidit\u00e0 e capacit\u00e0 di gestione in situazioni difficili.<\/p>\n\n\n\n<p>Il piazzamento, sommato alla vittoria al <strong>Rally della Marca<\/strong> e al terzo posto ottenuto in Salento, permette ora al pilota biellese di guidare la classifica del girone, aprendo prospettive interessanti in vista delle prossime gare, a partire dal <strong>Rally 1000 Miglia<\/strong> in programma dal 18 al 20 settembre.<\/p>\n\n\n\n<figure class=\"wp-block-image size-large\"><img fetchpriority=\"high\" decoding=\"async\" width=\"1024\" height=\"682\" src=\"https:\/\/maclon.com\/wp-content\/uploads\/2025\/09\/PINZANO_RALLY-PIANCAVALLO-2025-1024x682.jpg\" alt=\"\" class=\"wp-image-7423\" srcset=\"https:\/\/maclon.com\/wp-content\/uploads\/2025\/09\/PINZANO_RALLY-PIANCAVALLO-2025-1024x682.jpg 1024w, https:\/\/maclon.com\/wp-content\/uploads\/2025\/09\/PINZANO_RALLY-PIANCAVALLO-2025-300x200.jpg 300w, https:\/\/maclon.com\/wp-content\/uploads\/2025\/09\/PINZANO_RALLY-PIANCAVALLO-2025-768x512.jpg 768w, https:\/\/maclon.com\/wp-content\/uploads\/2025\/09\/PINZANO_RALLY-PIANCAVALLO-2025-1536x1024.jpg 1536w, https:\/\/maclon.com\/wp-content\/uploads\/2025\/09\/PINZANO_RALLY-PIANCAVALLO-2025-450x300.jpg 450w, https:\/\/maclon.com\/wp-content\/uploads\/2025\/09\/PINZANO_RALLY-PIANCAVALLO-2025-600x400.jpg 600w, https:\/\/maclon.com\/wp-content\/uploads\/2025\/09\/PINZANO_RALLY-PIANCAVALLO-2025.jpg 1700w\" sizes=\"(max-width: 1024px) 100vw, 1024px\" \/><\/figure>\n\n\n\n<p><strong>Le parole di Corrado Pinzano:<\/strong><\/p>\n\n\n\n<blockquote class=\"wp-block-quote is-layout-flow wp-block-quote-is-layout-flow\">\n<p>\u201cGuardiamo la gara con due facce: bicchiere mezzo pieno per il risultato, che ci porta al comando della classifica, e bicchiere mezzo vuoto per quel secondo posto sfumato all\u2019ultima prova per un\u2019inezia. Ma se guardiamo al livello degli avversari, possiamo dire di aver vinto anche noi! Ora testa alla prossima gara: pi\u00f9 avanti si va e pi\u00f9 sar\u00e0 difficile restare al vertice\u201d.<\/p>\n<\/blockquote>\n\n\n\n<p>Come sponsor tecnico, <strong>Maclon<\/strong> \u00e8 orgogliosa di supportare Corrado Pinzano e la sua squadra in questa stagione ricca di soddisfazioni, continuando a credere nei valori di <strong>determinazione, passione e lavoro di squadra<\/strong> che accomunano il mondo delle competizioni e quello aziendale.<\/p>\n\n\n\n<p>E chiss\u00e0, magari tra una prova speciale e l\u2019altra, qualche pezzo \u201cMaclon approved\u201d sta gi\u00e0 facendo la differenza\u2026 perch\u00e9 quando si parla di <strong>ricambi auto<\/strong>, noi sappiamo sempre come farvi arrivare al traguardo.<\/p>\n","protected":false},"excerpt":{"rendered":"<p>Un terzo posto che vale oro per Corrado Pinzano, che al 38\u00b0 Rally Piancavallo ha conquistato un risultato importante sia in termini sportivi sia di classifica<\/p>\n","protected":false},"author":1,"featured_media":7423,"comment_status":"closed","ping_status":"closed","sticky":false,"template":"","format":"standard","meta":{"_monsterinsights_skip_tracking":false,"_monsterinsights_sitenote_active":false,"_monsterinsights_sitenote_note":"","_monsterinsights_sitenote_category":0,"footnotes":""},"categories":[22,34,29,19],"tags":[],"class_list":["post-7422","post","type-post","status-publish","format-standard","has-post-thumbnail","hentry","category-car-furniture","category-car-repair","category-rally","category-ricambi-auto"],"_links":{"self":[{"href":"https:\/\/maclon.com\/index.php\/wp-json\/wp\/v2\/posts\/7422","targetHints":{"allow":["GET"]}}],"collection":[{"href":"https:\/\/maclon.com\/index.php\/wp-json\/wp\/v2\/posts"}],"about":[{"href":"https:\/\/maclon.com\/index.php\/wp-json\/wp\/v2\/types\/post"}],"author":[{"embeddable":true,"href":"https:\/\/maclon.com\/index.php\/wp-json\/wp\/v2\/users\/1"}],"replies":[{"embeddable":true,"href":"https:\/\/maclon.com\/index.php\/wp-json\/wp\/v2\/comments?post=7422"}],"version-history":[{"count":2,"href":"https:\/\/maclon.com\/index.php\/wp-json\/wp\/v2\/posts\/7422\/revisions"}],"predecessor-version":[{"id":7425,"href":"https:\/\/maclon.com\/index.php\/wp-json\/wp\/v2\/posts\/7422\/revisions\/7425"}],"wp:featuredmedia":[{"embeddable":true,"href":"https:\/\/maclon.com\/index.php\/wp-json\/wp\/v2\/media\/7423"}],"wp:attachment":[{"href":"https:\/\/maclon.com\/index.php\/wp-json\/wp\/v2\/media?parent=7422"}],"wp:term":[{"taxonomy":"category","embeddable":true,"href":"https:\/\/maclon.com\/index.php\/wp-json\/wp\/v2\/categories?post=7422"},{"taxonomy":"post_tag","embeddable":true,"href":"https:\/\/maclon.com\/index.php\/wp-json\/wp\/v2\/tags?post=7422"}],"curies":[{"name":"wp","href":"https:\/\/api.w.org\/{rel}","templated":true}]}}